{"id":318,"date":"2016-06-17T17:13:40","date_gmt":"2016-06-17T15:13:40","guid":{"rendered":"http:\/\/accra.musikerohnegrenzen.de\/?p=318"},"modified":"2019-04-09T13:00:04","modified_gmt":"2019-04-09T11:00:04","slug":"das-konzert-together-for-good","status":"publish","type":"post","link":"https:\/\/accra.musikerohnegrenzen.de\/gb\/das-konzert-together-for-good\/","title":{"rendered":"Das Konzert \u201eTogether for good\u201c"},"content":{"rendered":"<p>Hallo!<br \/>\nDiesen Blogeintrag \u00fcber unser Konzert im November 2015 habe ich schon vor langem geschrieben und wollte ihn im Advent ver\u00f6ffentlichen. Die Fotos vom Konzert wurden mir immer wieder versprochen, aus verschiedenen Gr\u00fcnden gelangten sie jedoch erst heute zu mir. Daher mit Versp\u00e4tung &#8211; aber keine Sorge, das Lesen und Bilder Anschauen wird sich trotzdem noch lohnen.<br \/>\nJohannes<\/p>\n<blockquote><p><em>Vor uns ist alles dunkel. Und aus dem Finsteren schauen zig Augen nur auf uns. Wir sind strahlend hell von blendenden Scheinwerfern beleuchtet. Gerade war noch alles hektisch, schneller Umbau, z\u00fcgig wurden die Instrumente gestimmt. Doch nun ist alles ruhig, nur unsere Herzen pochen eifrig. Jetzt ist er da, unser erster Auftritt. Die Geigen sind gehoben, die B\u00f6gen liegen auf den Saiten und konzentriert warten wir auf den Einsatz.<\/em><\/p><\/blockquote>\n\n<div class='gallery'><dl class='gallery-item'>\n\t\t\t<dt class='gallery-icon landscape'>\n\t\t\t\t<a href='https:\/\/accra.musikerohnegrenzen.de\/gb\/das-konzert-together-for-good\/2016-06-02\/'><img loading=\"lazy\" decoding=\"async\" width=\"1050\" height=\"700\" src=\"https:\/\/accra.musikerohnegrenzen.de\/wp-content\/uploads\/2016\/06\/2016-06-02.jpg\" class=\"attachment-thumbnail size-thumbnail\" alt=\"\" srcset=\"https:\/\/accra.musikerohnegrenzen.de\/wp-content\/uploads\/2016\/06\/2016-06-02.jpg 1050w, https:\/\/accra.musikerohnegrenzen.de\/wp-content\/uploads\/2016\/06\/2016-06-02-670x447.jpg 670w, https:\/\/accra.musikerohnegrenzen.de\/wp-content\/uploads\/2016\/06\/2016-06-02-768x512.jpg 768w, https:\/\/accra.musikerohnegrenzen.de\/wp-content\/uploads\/2016\/06\/2016-06-02-1024x683.jpg 1024w\" sizes=\"(max-width: 1050px) 100vw, 1050px\" \/><\/a>\n\t\t\t<\/dt><\/dl><dl class='gallery-item'>\n\t\t\t<dt class='gallery-icon landscape'>\n\t\t\t\t<a href='https:\/\/accra.musikerohnegrenzen.de\/gb\/das-konzert-together-for-good\/2016-06-04\/'><img loading=\"lazy\" decoding=\"async\" width=\"1050\" height=\"700\" src=\"https:\/\/accra.musikerohnegrenzen.de\/wp-content\/uploads\/2016\/06\/2016-06-04.jpg\" class=\"attachment-thumbnail size-thumbnail\" alt=\"\" srcset=\"https:\/\/accra.musikerohnegrenzen.de\/wp-content\/uploads\/2016\/06\/2016-06-04.jpg 1050w, https:\/\/accra.musikerohnegrenzen.de\/wp-content\/uploads\/2016\/06\/2016-06-04-670x447.jpg 670w, https:\/\/accra.musikerohnegrenzen.de\/wp-content\/uploads\/2016\/06\/2016-06-04-768x512.jpg 768w, https:\/\/accra.musikerohnegrenzen.de\/wp-content\/uploads\/2016\/06\/2016-06-04-1024x683.jpg 1024w\" sizes=\"(max-width: 1050px) 100vw, 1050px\" \/><\/a>\n\t\t\t<\/dt><\/dl>\n\t\t\t<br style='clear: both' \/>\n\t\t<\/div>\n\n<p>Am 28.11. fand das geniusHive End-of-year-concert unter dem Motto \u201eTogether for good\u201c in einer Kirche in Legon, dem Universit\u00e4tsstadtteil von Accra, statt. Musiker und Musiksch\u00fcler mit verschiedenen Beziehungen zur ghanaischen Musikschule geniusHive pr\u00e4sentierten ihr K\u00f6nnen vor einem interessierten Publikum. Auch Sch\u00fcler von Musiker ohne Grenzen waren auf der B\u00fchne.<\/p>\n<p><img loading=\"lazy\" decoding=\"async\" class=\"aligncenter size-full wp-image-326\" src=\"https:\/\/accra.musikerohnegrenzen.de\/wp-content\/uploads\/2016\/06\/2016-06-11.jpg\" alt=\"2016-06-11\" width=\"1050\" height=\"700\" srcset=\"https:\/\/accra.musikerohnegrenzen.de\/wp-content\/uploads\/2016\/06\/2016-06-11.jpg 1050w, https:\/\/accra.musikerohnegrenzen.de\/wp-content\/uploads\/2016\/06\/2016-06-11-670x447.jpg 670w, https:\/\/accra.musikerohnegrenzen.de\/wp-content\/uploads\/2016\/06\/2016-06-11-768x512.jpg 768w, https:\/\/accra.musikerohnegrenzen.de\/wp-content\/uploads\/2016\/06\/2016-06-11-1024x683.jpg 1024w\" sizes=\"(max-width: 1050px) 100vw, 1050px\" \/><\/p>\n<p>Schon \u00fcber einem Monat vorher begannen die Geigensch\u00fcler im Kinder Paradise, ihren Beitrag zum Konzert zu \u00fcben. Sie spielten das griechische Lied \u201eXenina mja psaropula\u201c. Aufgeteilt in zwei Gruppen mit unterschiedlichen Stimmen spielten sie auf leeren Saiten. Ich spielte die Melodie dazu. Obwohl die Sch\u00fcler nur auf leeren Saiten spielten, war das St\u00fcck nicht zu untersch\u00e4tzen. Denn die 7\/8-Taktart ist nicht nur f\u00fcr Anf\u00e4nger ungewohnt. Der Rhythmus war daher etwas kompliziert und es war nicht einfach, immer zusammen und im Tempo zu bleiben. Doch mit W\u00f6rtern wie \u201eorange juice, fanta, fanta!\u201c oder \u201eviolin, guitar, guitar!\u201c verstanden die Kinder Taktart und Rhythmus und hatten gleich viel mehr Spa\u00df dabei.<\/p>\n<p><img loading=\"lazy\" decoding=\"async\" class=\"aligncenter size-full wp-image-334\" src=\"https:\/\/accra.musikerohnegrenzen.de\/wp-content\/uploads\/2016\/06\/2016-06-03.jpg\" alt=\"2016-06-03\" width=\"1050\" height=\"700\" srcset=\"https:\/\/accra.musikerohnegrenzen.de\/wp-content\/uploads\/2016\/06\/2016-06-03.jpg 1050w, https:\/\/accra.musikerohnegrenzen.de\/wp-content\/uploads\/2016\/06\/2016-06-03-670x447.jpg 670w, https:\/\/accra.musikerohnegrenzen.de\/wp-content\/uploads\/2016\/06\/2016-06-03-768x512.jpg 768w, https:\/\/accra.musikerohnegrenzen.de\/wp-content\/uploads\/2016\/06\/2016-06-03-1024x683.jpg 1024w\" sizes=\"(max-width: 1050px) 100vw, 1050px\" \/><\/p>\n<p>Obwohl die Geigen-Anf\u00e4nger in Nima erst im Oktober mit dem Unterricht begonnen hatten, war einer von ihnen in der Lage, dasselbe St\u00fcck bis zum Konzert auff\u00fchrungsreif zu spielen.<\/p>\n<p>Im Kinder Paradise \u00fcbten die Geigensch\u00fcler also ihr griechisches Lied und Julius und ich begannen, dem Chor die vierstimmigen Lieder \u201eIn Christ alone\u201c und \u201eChristmastime\u201c beizubringen. Da die Zeit zum Konzert am Ende knapp wurde, fuhren wir zweimal am Mittwochabend zur Chorprobe nach Prampram. Dort genossen wir nach anstrengenden, aber konstruktiven Proben ein hervorragendes n\u00e4chtliches Spagetti-Mahl unterm Summerhut. W\u00e4hrend ich jeweils bis Freitag zum Geigen- und Musikunterricht im Heim blieb, machte sich Julius auf den Weg nach Hause, wo er erst um 23 Uhr ankam. Julius, der Leiter von geniusHive, zeigt einen unglaublichen Einsatz f\u00fcr den Musikunterricht f\u00fcr Kinder und Jugendliche; besonders was das Stra\u00dfenkinderheim betrifft. Das best\u00e4tigt, dass Musiker ohne Grenzen e.V. AK Ghana mit geniusHive einen tollen und verl\u00e4sslichen, einheimischen Partner gefunden hat.<\/p>\n\n<div class='gallery'><dl class='gallery-item'>\n\t\t\t<dt class='gallery-icon landscape'>\n\t\t\t\t<a href='https:\/\/accra.musikerohnegrenzen.de\/gb\/das-konzert-together-for-good\/olympus-digital-camera-20\/'><img loading=\"lazy\" decoding=\"async\" width=\"1050\" height=\"788\" src=\"https:\/\/accra.musikerohnegrenzen.de\/wp-content\/uploads\/2016\/06\/2016-06-05.jpg\" class=\"attachment-thumbnail size-thumbnail\" alt=\"\" srcset=\"https:\/\/accra.musikerohnegrenzen.de\/wp-content\/uploads\/2016\/06\/2016-06-05.jpg 1050w, https:\/\/accra.musikerohnegrenzen.de\/wp-content\/uploads\/2016\/06\/2016-06-05-600x450.jpg 600w, https:\/\/accra.musikerohnegrenzen.de\/wp-content\/uploads\/2016\/06\/2016-06-05-768x576.jpg 768w, https:\/\/accra.musikerohnegrenzen.de\/wp-content\/uploads\/2016\/06\/2016-06-05-1024x768.jpg 1024w\" sizes=\"(max-width: 1050px) 100vw, 1050px\" \/><\/a>\n\t\t\t<\/dt><\/dl><dl class='gallery-item'>\n\t\t\t<dt class='gallery-icon landscape'>\n\t\t\t\t<a href='https:\/\/accra.musikerohnegrenzen.de\/gb\/das-konzert-together-for-good\/2016-06-06\/'><img loading=\"lazy\" decoding=\"async\" width=\"1050\" height=\"700\" src=\"https:\/\/accra.musikerohnegrenzen.de\/wp-content\/uploads\/2016\/06\/2016-06-06.jpg\" class=\"attachment-thumbnail size-thumbnail\" alt=\"\" srcset=\"https:\/\/accra.musikerohnegrenzen.de\/wp-content\/uploads\/2016\/06\/2016-06-06.jpg 1050w, https:\/\/accra.musikerohnegrenzen.de\/wp-content\/uploads\/2016\/06\/2016-06-06-670x447.jpg 670w, https:\/\/accra.musikerohnegrenzen.de\/wp-content\/uploads\/2016\/06\/2016-06-06-768x512.jpg 768w, https:\/\/accra.musikerohnegrenzen.de\/wp-content\/uploads\/2016\/06\/2016-06-06-1024x683.jpg 1024w\" sizes=\"(max-width: 1050px) 100vw, 1050px\" \/><\/a>\n\t\t\t<\/dt><\/dl><dl class='gallery-item'>\n\t\t\t<dt class='gallery-icon landscape'>\n\t\t\t\t<a href='https:\/\/accra.musikerohnegrenzen.de\/gb\/das-konzert-together-for-good\/olympus-digital-camera-19\/'><img loading=\"lazy\" decoding=\"async\" width=\"1050\" height=\"788\" src=\"https:\/\/accra.musikerohnegrenzen.de\/wp-content\/uploads\/2016\/06\/2016-06-07.jpg\" class=\"attachment-thumbnail size-thumbnail\" alt=\"\" srcset=\"https:\/\/accra.musikerohnegrenzen.de\/wp-content\/uploads\/2016\/06\/2016-06-07.jpg 1050w, https:\/\/accra.musikerohnegrenzen.de\/wp-content\/uploads\/2016\/06\/2016-06-07-600x450.jpg 600w, https:\/\/accra.musikerohnegrenzen.de\/wp-content\/uploads\/2016\/06\/2016-06-07-768x576.jpg 768w, https:\/\/accra.musikerohnegrenzen.de\/wp-content\/uploads\/2016\/06\/2016-06-07-1024x768.jpg 1024w\" sizes=\"(max-width: 1050px) 100vw, 1050px\" \/><\/a>\n\t\t\t<\/dt><\/dl><br style=\"clear: both\" \/><dl class='gallery-item'>\n\t\t\t<dt class='gallery-icon landscape'>\n\t\t\t\t<a href='https:\/\/accra.musikerohnegrenzen.de\/gb\/das-konzert-together-for-good\/2016-06-08\/'><img loading=\"lazy\" decoding=\"async\" width=\"1050\" height=\"700\" src=\"https:\/\/accra.musikerohnegrenzen.de\/wp-content\/uploads\/2016\/06\/2016-06-08.jpg\" class=\"attachment-thumbnail size-thumbnail\" alt=\"\" srcset=\"https:\/\/accra.musikerohnegrenzen.de\/wp-content\/uploads\/2016\/06\/2016-06-08.jpg 1050w, https:\/\/accra.musikerohnegrenzen.de\/wp-content\/uploads\/2016\/06\/2016-06-08-670x447.jpg 670w, https:\/\/accra.musikerohnegrenzen.de\/wp-content\/uploads\/2016\/06\/2016-06-08-768x512.jpg 768w, https:\/\/accra.musikerohnegrenzen.de\/wp-content\/uploads\/2016\/06\/2016-06-08-1024x683.jpg 1024w\" sizes=\"(max-width: 1050px) 100vw, 1050px\" \/><\/a>\n\t\t\t<\/dt><\/dl>\n\t\t\t<br style='clear: both' \/>\n\t\t<\/div>\n\n<p>Christmastime sollte das letzte St\u00fcck im Konzert werden. Ein grandioser Abschluss mit gro\u00dfem Chor und Orchester. F\u00fcr den Chor sollten zwei Ch\u00f6re zusammen singen: Der Chor des Kinder Paradises und der Legon Interdenominational Church Choir. Die Instrumentalisten waren Lehrer und Sch\u00fcler von geniusHive, die MoG-Streicher aus Nima, Nungua und Prampram, Mitglieder des Accra Symphony Orchestras, des National Symphony Orchestras und von Afro Maestros.<\/p>\n<p>Am Sonntag vor dem Konzert gab es die erste gemeinsame Probe mit Geigen und Chor im Kinder Paradise. Die Kinder waren schon voller Vorfreude auf das Konzert. Die Generalprobe fand am Donnerstag in der Kirche in Legon statt. Die Kinder aus dem Kinderheim kamen mit ihrem Bus, f\u00fcr die Kinder aus Nima und Nungua mieteten wir einen Trotro. Obwohl es sp\u00e4t war und die Anreise lang, waren die Kinder bei der Probe sehr konzentriert. Mit so vielen anderen zusammen zu musizieren und andere Instrumentalsch\u00fcler kennenzulernen, war f\u00fcr sie, wie sie erz\u00e4hlten, ein sehr sch\u00f6nes Erlebnis.<\/p>\n\n<div class='gallery'><dl class='gallery-item'>\n\t\t\t<dt class='gallery-icon landscape'>\n\t\t\t\t<a href='https:\/\/accra.musikerohnegrenzen.de\/gb\/das-konzert-together-for-good\/olympus-digital-camera-18\/'><img loading=\"lazy\" decoding=\"async\" width=\"1050\" height=\"788\" src=\"https:\/\/accra.musikerohnegrenzen.de\/wp-content\/uploads\/2016\/06\/2016-06-09.jpg\" class=\"attachment-thumbnail size-thumbnail\" alt=\"\" srcset=\"https:\/\/accra.musikerohnegrenzen.de\/wp-content\/uploads\/2016\/06\/2016-06-09.jpg 1050w, https:\/\/accra.musikerohnegrenzen.de\/wp-content\/uploads\/2016\/06\/2016-06-09-600x450.jpg 600w, https:\/\/accra.musikerohnegrenzen.de\/wp-content\/uploads\/2016\/06\/2016-06-09-768x576.jpg 768w, https:\/\/accra.musikerohnegrenzen.de\/wp-content\/uploads\/2016\/06\/2016-06-09-1024x768.jpg 1024w\" sizes=\"(max-width: 1050px) 100vw, 1050px\" \/><\/a>\n\t\t\t<\/dt><\/dl><dl class='gallery-item'>\n\t\t\t<dt class='gallery-icon landscape'>\n\t\t\t\t<a href='https:\/\/accra.musikerohnegrenzen.de\/gb\/das-konzert-together-for-good\/olympus-digital-camera-17\/'><img loading=\"lazy\" decoding=\"async\" width=\"1050\" height=\"788\" src=\"https:\/\/accra.musikerohnegrenzen.de\/wp-content\/uploads\/2016\/06\/2016-06-10.jpg\" class=\"attachment-thumbnail size-thumbnail\" alt=\"\" srcset=\"https:\/\/accra.musikerohnegrenzen.de\/wp-content\/uploads\/2016\/06\/2016-06-10.jpg 1050w, https:\/\/accra.musikerohnegrenzen.de\/wp-content\/uploads\/2016\/06\/2016-06-10-600x450.jpg 600w, https:\/\/accra.musikerohnegrenzen.de\/wp-content\/uploads\/2016\/06\/2016-06-10-768x576.jpg 768w, https:\/\/accra.musikerohnegrenzen.de\/wp-content\/uploads\/2016\/06\/2016-06-10-1024x768.jpg 1024w\" sizes=\"(max-width: 1050px) 100vw, 1050px\" \/><\/a>\n\t\t\t<\/dt><\/dl>\n\t\t\t<br style='clear: both' \/>\n\t\t<\/div>\n\n<p>Am Samstag war es dann so weit. Ein Trotro, gestopft voll mit den auff\u00fchrenden Sch\u00fclern aus Nungua und Nima, sowie einigen interessierten Kindern aus Nima, die zum Zuschauen kamen, rollte auf den Parkplatz vor der Kirche. Auch der Kinder-Paradise-Bus und die anderen Beteiligten trafen ein. Aufbau, Soundcheck, die letzte Probe und auf einmal ging das Konzert schon los. Bernard, ein Cellosch\u00fcler aus Nungua, spielte mit Isaac, dem Cellisten von geniusHive, ein Menuett von Bach.<\/p>\n<p><img loading=\"lazy\" decoding=\"async\" class=\"aligncenter size-full wp-image-325\" src=\"https:\/\/accra.musikerohnegrenzen.de\/wp-content\/uploads\/2016\/06\/2016-06-12.jpg\" alt=\"2016-06-12\" width=\"1050\" height=\"700\" srcset=\"https:\/\/accra.musikerohnegrenzen.de\/wp-content\/uploads\/2016\/06\/2016-06-12.jpg 1050w, https:\/\/accra.musikerohnegrenzen.de\/wp-content\/uploads\/2016\/06\/2016-06-12-670x447.jpg 670w, https:\/\/accra.musikerohnegrenzen.de\/wp-content\/uploads\/2016\/06\/2016-06-12-768x512.jpg 768w, https:\/\/accra.musikerohnegrenzen.de\/wp-content\/uploads\/2016\/06\/2016-06-12-1024x683.jpg 1024w\" sizes=\"(max-width: 1050px) 100vw, 1050px\" \/><\/p>\n<p>Es folgten St\u00fccke f\u00fcr Klavier, Querfl\u00f6te, Geige und Gitarre, von Barock \u00fcber Klassik und Romantik bis hin zur Moderne. Nach einer kleinen Umbaupause er\u00f6ffneten die Geigen vom Kinder Paradise zusammen mit einem Geigensch\u00fcler aus Nima den letzten Konzertteil mit \u201eXenina mja psaropula\u201c.<\/p>\n<blockquote><p><em>Wir fangen zusammen an. T\u00f6ne, Rhythmus, Tempo, Wiederholung, Pausen \u2013 es klappt.<\/em><br \/>\n<em>Gemeinsam fliegen unsere B\u00f6gen mit dem letzten Aufstrich in die Luft. Das Publikum beginnt, zu klatschen und wir wissen: Unser erster Auftritt &#8211; wir haben ihn gut gemacht.<\/em><\/p><\/blockquote>\n\n<div class='gallery'><dl class='gallery-item'>\n\t\t\t<dt class='gallery-icon landscape'>\n\t\t\t\t<a href='https:\/\/accra.musikerohnegrenzen.de\/gb\/das-konzert-together-for-good\/2016-06-13\/'><img loading=\"lazy\" decoding=\"async\" width=\"1050\" height=\"700\" src=\"https:\/\/accra.musikerohnegrenzen.de\/wp-content\/uploads\/2016\/06\/2016-06-13.jpg\" class=\"attachment-thumbnail size-thumbnail\" alt=\"\" srcset=\"https:\/\/accra.musikerohnegrenzen.de\/wp-content\/uploads\/2016\/06\/2016-06-13.jpg 1050w, https:\/\/accra.musikerohnegrenzen.de\/wp-content\/uploads\/2016\/06\/2016-06-13-670x447.jpg 670w, https:\/\/accra.musikerohnegrenzen.de\/wp-content\/uploads\/2016\/06\/2016-06-13-768x512.jpg 768w, https:\/\/accra.musikerohnegrenzen.de\/wp-content\/uploads\/2016\/06\/2016-06-13-1024x683.jpg 1024w\" sizes=\"(max-width: 1050px) 100vw, 1050px\" \/><\/a>\n\t\t\t<\/dt><\/dl><dl class='gallery-item'>\n\t\t\t<dt class='gallery-icon landscape'>\n\t\t\t\t<a href='https:\/\/accra.musikerohnegrenzen.de\/gb\/das-konzert-together-for-good\/2016-06-14\/'><img loading=\"lazy\" decoding=\"async\" width=\"1050\" height=\"700\" src=\"https:\/\/accra.musikerohnegrenzen.de\/wp-content\/uploads\/2016\/06\/2016-06-14.jpg\" class=\"attachment-thumbnail size-thumbnail\" alt=\"\" srcset=\"https:\/\/accra.musikerohnegrenzen.de\/wp-content\/uploads\/2016\/06\/2016-06-14.jpg 1050w, https:\/\/accra.musikerohnegrenzen.de\/wp-content\/uploads\/2016\/06\/2016-06-14-670x447.jpg 670w, https:\/\/accra.musikerohnegrenzen.de\/wp-content\/uploads\/2016\/06\/2016-06-14-768x512.jpg 768w, https:\/\/accra.musikerohnegrenzen.de\/wp-content\/uploads\/2016\/06\/2016-06-14-1024x683.jpg 1024w\" sizes=\"(max-width: 1050px) 100vw, 1050px\" \/><\/a>\n\t\t\t<\/dt><\/dl><dl class='gallery-item'>\n\t\t\t<dt class='gallery-icon landscape'>\n\t\t\t\t<a href='https:\/\/accra.musikerohnegrenzen.de\/gb\/das-konzert-together-for-good\/2016-06-15\/'><img loading=\"lazy\" decoding=\"async\" width=\"1050\" height=\"750\" src=\"https:\/\/accra.musikerohnegrenzen.de\/wp-content\/uploads\/2016\/06\/2016-06-15.jpg\" class=\"attachment-thumbnail size-thumbnail\" alt=\"\" srcset=\"https:\/\/accra.musikerohnegrenzen.de\/wp-content\/uploads\/2016\/06\/2016-06-15.jpg 1050w, https:\/\/accra.musikerohnegrenzen.de\/wp-content\/uploads\/2016\/06\/2016-06-15-630x450.jpg 630w, https:\/\/accra.musikerohnegrenzen.de\/wp-content\/uploads\/2016\/06\/2016-06-15-768x549.jpg 768w, https:\/\/accra.musikerohnegrenzen.de\/wp-content\/uploads\/2016\/06\/2016-06-15-1024x731.jpg 1024w\" sizes=\"(max-width: 1050px) 100vw, 1050px\" \/><\/a>\n\t\t\t<\/dt><\/dl><br style=\"clear: both\" \/><dl class='gallery-item'>\n\t\t\t<dt class='gallery-icon landscape'>\n\t\t\t\t<a href='https:\/\/accra.musikerohnegrenzen.de\/gb\/das-konzert-together-for-good\/2016-06-16\/'><img loading=\"lazy\" decoding=\"async\" width=\"1050\" height=\"700\" src=\"https:\/\/accra.musikerohnegrenzen.de\/wp-content\/uploads\/2016\/06\/2016-06-16.jpg\" class=\"attachment-thumbnail size-thumbnail\" alt=\"\" srcset=\"https:\/\/accra.musikerohnegrenzen.de\/wp-content\/uploads\/2016\/06\/2016-06-16.jpg 1050w, https:\/\/accra.musikerohnegrenzen.de\/wp-content\/uploads\/2016\/06\/2016-06-16-670x447.jpg 670w, https:\/\/accra.musikerohnegrenzen.de\/wp-content\/uploads\/2016\/06\/2016-06-16-768x512.jpg 768w, https:\/\/accra.musikerohnegrenzen.de\/wp-content\/uploads\/2016\/06\/2016-06-16-1024x683.jpg 1024w\" sizes=\"(max-width: 1050px) 100vw, 1050px\" \/><\/a>\n\t\t\t<\/dt><\/dl>\n\t\t\t<br style='clear: both' \/>\n\t\t<\/div>\n\n<p>Es folgte \u201eIn Christ alone\u201c und \u201eChristmastime\u201c. Das Publikum applaudierte begeistert. Nach dem Konzert wollten die Zuh\u00f6rer erst gar nicht gehen, so gut gefiel es ihnen. Dabei rundete die instrumentale Zugabe \u201eSee You Again\u201c das Programm ab und vermittelte die Botschaft: Bis zum n\u00e4chsten Konzert!<\/p>\n<p><img loading=\"lazy\" decoding=\"async\" class=\"aligncenter size-full wp-image-320\" src=\"https:\/\/accra.musikerohnegrenzen.de\/wp-content\/uploads\/2016\/06\/2016-06-17.jpg\" alt=\"2016-06-17\" width=\"1050\" height=\"700\" srcset=\"https:\/\/accra.musikerohnegrenzen.de\/wp-content\/uploads\/2016\/06\/2016-06-17.jpg 1050w, https:\/\/accra.musikerohnegrenzen.de\/wp-content\/uploads\/2016\/06\/2016-06-17-670x447.jpg 670w, https:\/\/accra.musikerohnegrenzen.de\/wp-content\/uploads\/2016\/06\/2016-06-17-768x512.jpg 768w, https:\/\/accra.musikerohnegrenzen.de\/wp-content\/uploads\/2016\/06\/2016-06-17-1024x683.jpg 1024w\" sizes=\"(max-width: 1050px) 100vw, 1050px\" \/><\/p>\n<p>&nbsp;<\/p>\n","protected":false},"excerpt":{"rendered":"<p>Hallo! Diesen Blogeintrag \u00fcber unser Konzert im November 2015 habe ich schon vor langem geschrieben und wollte ihn im Advent ver\u00f6ffentlichen. Die Fotos vom Konzert wurden mir immer wieder versprochen, aus verschiedenen Gr\u00fcnden gelangten sie jedoch erst heute zu mir. Daher mit Versp\u00e4tung &#8211; aber keine &hellip; <\/p>\n<p><a href=\"https:\/\/accra.musikerohnegrenzen.de\/gb\/das-konzert-together-for-good\/\" class=\"more-link\"><span class=\"morelink-icon\">Read more<\/span><\/a><\/p>\n","protected":false},"author":4,"featured_media":336,"comment_status":"open","ping_status":"open","sticky":false,"template":"","format":"standard","meta":{"footnotes":""},"categories":[3],"tags":[21],"translation":{"provider":"WPGlobus","version":"2.12.2","language":"gb","enabled_languages":["de","gb"],"languages":{"de":{"title":true,"content":true,"excerpt":false},"gb":{"title":false,"content":false,"excerpt":false}}},"_links":{"self":[{"href":"https:\/\/accra.musikerohnegrenzen.de\/gb\/wp-json\/wp\/v2\/posts\/318"}],"collection":[{"href":"https:\/\/accra.musikerohnegrenzen.de\/gb\/wp-json\/wp\/v2\/posts"}],"about":[{"href":"https:\/\/accra.musikerohnegrenzen.de\/gb\/wp-json\/wp\/v2\/types\/post"}],"author":[{"embeddable":true,"href":"https:\/\/accra.musikerohnegrenzen.de\/gb\/wp-json\/wp\/v2\/users\/4"}],"replies":[{"embeddable":true,"href":"https:\/\/accra.musikerohnegrenzen.de\/gb\/wp-json\/wp\/v2\/comments?post=318"}],"version-history":[{"count":2,"href":"https:\/\/accra.musikerohnegrenzen.de\/gb\/wp-json\/wp\/v2\/posts\/318\/revisions"}],"predecessor-version":[{"id":863,"href":"https:\/\/accra.musikerohnegrenzen.de\/gb\/wp-json\/wp\/v2\/posts\/318\/revisions\/863"}],"wp:featuredmedia":[{"embeddable":true,"href":"https:\/\/accra.musikerohnegrenzen.de\/gb\/wp-json\/wp\/v2\/media\/336"}],"wp:attachment":[{"href":"https:\/\/accra.musikerohnegrenzen.de\/gb\/wp-json\/wp\/v2\/media?parent=318"}],"wp:term":[{"taxonomy":"category","embeddable":true,"href":"https:\/\/accra.musikerohnegrenzen.de\/gb\/wp-json\/wp\/v2\/categories?post=318"},{"taxonomy":"post_tag","embeddable":true,"href":"https:\/\/accra.musikerohnegrenzen.de\/gb\/wp-json\/wp\/v2\/tags?post=318"}],"curies":[{"name":"wp","href":"https:\/\/api.w.org\/{rel}","templated":true}]}}