{"id":293,"date":"2016-03-03T14:47:38","date_gmt":"2016-03-03T12:47:38","guid":{"rendered":"http:\/\/accra.musikerohnegrenzen.de\/?p=293"},"modified":"2016-03-03T14:47:38","modified_gmt":"2016-03-03T12:47:38","slug":"neue-schule-im-projekt","status":"publish","type":"post","link":"https:\/\/accra.musikerohnegrenzen.de\/gb\/neue-schule-im-projekt\/","title":{"rendered":"Neue Schule im Projekt!"},"content":{"rendered":"<p>Als Johannes am Dienstagvormittag nach den Weihnachtsferien in die AMIS Schule nach Nima kommt, wird er von einer Anfrage einer anderen Schule \u00fcberrascht. Die &#8220;Greater Care International School&#8221; in Mamobi, welche nicht weit von der AMIS Schule entfernt ist, w\u00fcrde auch gerne mit Musikunterricht in den unteren Klassen starten. Seitdem unterrichte ich donnerstagvormittags in der 3.-6. Klasse Musiktheorie.<\/p>\n<p><img loading=\"lazy\" decoding=\"async\" class=\"aligncenter size-full wp-image-242\" src=\"https:\/\/accra.musikerohnegrenzen.de\/wp-content\/uploads\/2016\/11\/2016-03-1.jpg\" alt=\"2016-03-1\" width=\"1180\" height=\"664\" srcset=\"https:\/\/accra.musikerohnegrenzen.de\/wp-content\/uploads\/2016\/11\/2016-03-1.jpg 1180w, https:\/\/accra.musikerohnegrenzen.de\/wp-content\/uploads\/2016\/11\/2016-03-1-670x377.jpg 670w, https:\/\/accra.musikerohnegrenzen.de\/wp-content\/uploads\/2016\/11\/2016-03-1-768x432.jpg 768w, https:\/\/accra.musikerohnegrenzen.de\/wp-content\/uploads\/2016\/11\/2016-03-1-1024x576.jpg 1024w\" sizes=\"(max-width: 1180px) 100vw, 1180px\" \/><\/p>\n<p>Ein Vormittag an der Greater Care School sieht in etwa so aus:<\/p>\n<p>Um kurz nach 9 Uhr laufe ich die Stra\u00dfe am Big Gutter in Nima entlang und biege rechts in eine kleine Gasse ab, die zur Schule f\u00fchrt. Wenn ich ankomme, werde ich zun\u00e4chst von vielen Lehrern begr\u00fc\u00dft, bevor ich um 9.15 Uhr zu meiner ersten Klasse gehe. Ich betrete einen geschlossenen Klassenraum, in dem die Kinder der dritten Klasse mich sofort freudig begr\u00fc\u00dfen. Zum Beginn jeder Stunde wird immer ein kleines Lied gesungen: This Is The Way We Start The Class.\u00a0Danach werden bis jetzt in allen Klassen noch haupts\u00e4chlich Notenwerte gelernt und Rhythmen geklatscht.<\/p>\n<p>Nach der Stunde in der dritten Klasse ist erstmal Pause, in der viele Kinder zu mir kommen und mir zeigen wollen, was sie sich vom letzten Unterricht gemerkt haben. Danach geht es weiter in der 4., 5. und 6. Klasse. Diese drei Klassen haben, \u00e4hnlich wie die Kinder in der AMIS Schule, in einem gro\u00dfen Raum Unterricht, der durch Trennw\u00e4nde getrennt ist. Im Gegensatz zur AMIS Schule sind die Trennw\u00e4nde gr\u00f6\u00dfer und man bekommt weniger von den Nachbarklassen mit. Da diese Trennw\u00e4nde allerdings zum Gro\u00dfteil L\u00f6cher haben und nicht mehr ganz stabil aussehen, kann man den Trubel von nebenan nicht immer \u00fcberh\u00f6ren. Zuletzt haben wir den Calypso Kanon gesungen und haben es sogar als zweistimmigen Kanon geschafft, was schon bewundernswert ist. Nach wenigen Wochen hat ein Lehrer sein Keyboard in die Schule gebracht, das mir auch erm\u00f6glicht, den Kanon etwas gleichm\u00e4\u00dfiger und harmonischer zu gestalten.<\/p>\n<p><img loading=\"lazy\" decoding=\"async\" class=\"aligncenter size-full wp-image-240\" src=\"https:\/\/accra.musikerohnegrenzen.de\/wp-content\/uploads\/2016\/11\/2016-03-3.jpg\" alt=\"2016-03-3\" width=\"1180\" height=\"664\" srcset=\"https:\/\/accra.musikerohnegrenzen.de\/wp-content\/uploads\/2016\/11\/2016-03-3.jpg 1180w, https:\/\/accra.musikerohnegrenzen.de\/wp-content\/uploads\/2016\/11\/2016-03-3-670x377.jpg 670w, https:\/\/accra.musikerohnegrenzen.de\/wp-content\/uploads\/2016\/11\/2016-03-3-768x432.jpg 768w, https:\/\/accra.musikerohnegrenzen.de\/wp-content\/uploads\/2016\/11\/2016-03-3-1024x576.jpg 1024w\" sizes=\"(max-width: 1180px) 100vw, 1180px\" \/><br \/>\nNicht nur die Sch\u00fcler, sondern auch die Lehrer sind begeistert dabei. Sie bem\u00fchen sich selber, den Stoff schnell zu lernen, um das Gelernte auch ohne mich mit den Sch\u00fclern wiederholen zu k\u00f6nnen. Manchmal wird auch noch weitergeklatscht oder gesungen, nachdem ich aus dem Klassenraum gehe.<\/p>\n<p>Gegen 13.00 Uhr verlasse ich die Schule, meistens sehr zufrieden, und laufe in die Richtung der AMIS Schule, um dort die Sch\u00fcler f\u00fcr den Instrumentalunterricht am Nachmittag abzuholen.<\/p>\n<p>Liebe Gr\u00fc\u00dfe,<\/p>\n<p>Sofie<\/p>\n","protected":false},"excerpt":{"rendered":"<p>Als Johannes am Dienstagvormittag nach den Weihnachtsferien in die AMIS Schule nach Nima kommt, wird er von einer Anfrage einer anderen Schule \u00fcberrascht. Die &#8220;Greater Care International School&#8221; in Mamobi, welche nicht weit von der AMIS Schule entfernt ist, w\u00fcrde auch gerne mit Musikunterricht in den &hellip; <\/p>\n<p><a href=\"https:\/\/accra.musikerohnegrenzen.de\/gb\/neue-schule-im-projekt\/\" class=\"more-link\"><span class=\"morelink-icon\">Read more<\/span><\/a><\/p>\n","protected":false},"author":6,"featured_media":241,"comment_status":"open","ping_status":"open","sticky":false,"template":"","format":"standard","meta":{"footnotes":""},"categories":[3],"tags":[],"translation":{"provider":"WPGlobus","version":"2.12.2","language":"gb","enabled_languages":["de","gb"],"languages":{"de":{"title":true,"content":true,"excerpt":false},"gb":{"title":false,"content":false,"excerpt":false}}},"_links":{"self":[{"href":"https:\/\/accra.musikerohnegrenzen.de\/gb\/wp-json\/wp\/v2\/posts\/293"}],"collection":[{"href":"https:\/\/accra.musikerohnegrenzen.de\/gb\/wp-json\/wp\/v2\/posts"}],"about":[{"href":"https:\/\/accra.musikerohnegrenzen.de\/gb\/wp-json\/wp\/v2\/types\/post"}],"author":[{"embeddable":true,"href":"https:\/\/accra.musikerohnegrenzen.de\/gb\/wp-json\/wp\/v2\/users\/6"}],"replies":[{"embeddable":true,"href":"https:\/\/accra.musikerohnegrenzen.de\/gb\/wp-json\/wp\/v2\/comments?post=293"}],"version-history":[{"count":0,"href":"https:\/\/accra.musikerohnegrenzen.de\/gb\/wp-json\/wp\/v2\/posts\/293\/revisions"}],"wp:featuredmedia":[{"embeddable":true,"href":"https:\/\/accra.musikerohnegrenzen.de\/gb\/wp-json\/wp\/v2\/media\/241"}],"wp:attachment":[{"href":"https:\/\/accra.musikerohnegrenzen.de\/gb\/wp-json\/wp\/v2\/media?parent=293"}],"wp:term":[{"taxonomy":"category","embeddable":true,"href":"https:\/\/accra.musikerohnegrenzen.de\/gb\/wp-json\/wp\/v2\/categories?post=293"},{"taxonomy":"post_tag","embeddable":true,"href":"https:\/\/accra.musikerohnegrenzen.de\/gb\/wp-json\/wp\/v2\/tags?post=293"}],"curies":[{"name":"wp","href":"https:\/\/api.w.org\/{rel}","templated":true}]}}