{"id":1986,"date":"2024-03-27T09:03:40","date_gmt":"2024-03-27T08:03:40","guid":{"rendered":"https:\/\/accra.musikerohnegrenzen.de\/?p=1986"},"modified":"2024-03-27T09:03:40","modified_gmt":"2024-03-27T08:03:40","slug":"konzert-mog-orchester-accra","status":"publish","type":"post","link":"https:\/\/accra.musikerohnegrenzen.de\/gb\/konzert-mog-orchester-accra\/","title":{"rendered":"Konzert MoG-Orchester Accra"},"content":{"rendered":"<p><img loading=\"lazy\" decoding=\"async\" class=\"alignnone size-medium wp-image-1987\" src=\"https:\/\/accra.musikerohnegrenzen.de\/wp-content\/uploads\/2024\/03\/d14276d5-4cbd-4720-af3a-1b6a9d0fb61c-600x450.jpeg\" alt=\"\" width=\"600\" height=\"450\" srcset=\"https:\/\/accra.musikerohnegrenzen.de\/wp-content\/uploads\/2024\/03\/d14276d5-4cbd-4720-af3a-1b6a9d0fb61c-600x450.jpeg 600w, https:\/\/accra.musikerohnegrenzen.de\/wp-content\/uploads\/2024\/03\/d14276d5-4cbd-4720-af3a-1b6a9d0fb61c-1024x768.jpeg 1024w, https:\/\/accra.musikerohnegrenzen.de\/wp-content\/uploads\/2024\/03\/d14276d5-4cbd-4720-af3a-1b6a9d0fb61c-768x576.jpeg 768w, https:\/\/accra.musikerohnegrenzen.de\/wp-content\/uploads\/2024\/03\/d14276d5-4cbd-4720-af3a-1b6a9d0fb61c.jpeg 1180w\" sizes=\"(max-width: 600px) 100vw, 600px\" \/> <img loading=\"lazy\" decoding=\"async\" class=\"alignnone size-medium wp-image-1988\" src=\"https:\/\/accra.musikerohnegrenzen.de\/wp-content\/uploads\/2024\/03\/53df0b3e-83fc-464b-87d8-8874c15055f2-600x450.jpeg\" alt=\"\" width=\"600\" height=\"450\" srcset=\"https:\/\/accra.musikerohnegrenzen.de\/wp-content\/uploads\/2024\/03\/53df0b3e-83fc-464b-87d8-8874c15055f2-600x450.jpeg 600w, https:\/\/accra.musikerohnegrenzen.de\/wp-content\/uploads\/2024\/03\/53df0b3e-83fc-464b-87d8-8874c15055f2-1024x768.jpeg 1024w, https:\/\/accra.musikerohnegrenzen.de\/wp-content\/uploads\/2024\/03\/53df0b3e-83fc-464b-87d8-8874c15055f2-768x576.jpeg 768w, https:\/\/accra.musikerohnegrenzen.de\/wp-content\/uploads\/2024\/03\/53df0b3e-83fc-464b-87d8-8874c15055f2.jpeg 1180w\" sizes=\"(max-width: 600px) 100vw, 600px\" \/> <img loading=\"lazy\" decoding=\"async\" class=\"alignnone size-medium wp-image-1989\" src=\"https:\/\/accra.musikerohnegrenzen.de\/wp-content\/uploads\/2024\/03\/ab45472b-9d2d-4b95-84ad-a460820889f4-600x450.jpeg\" alt=\"\" width=\"600\" height=\"450\" srcset=\"https:\/\/accra.musikerohnegrenzen.de\/wp-content\/uploads\/2024\/03\/ab45472b-9d2d-4b95-84ad-a460820889f4-600x450.jpeg 600w, https:\/\/accra.musikerohnegrenzen.de\/wp-content\/uploads\/2024\/03\/ab45472b-9d2d-4b95-84ad-a460820889f4-1024x768.jpeg 1024w, https:\/\/accra.musikerohnegrenzen.de\/wp-content\/uploads\/2024\/03\/ab45472b-9d2d-4b95-84ad-a460820889f4-768x576.jpeg 768w, https:\/\/accra.musikerohnegrenzen.de\/wp-content\/uploads\/2024\/03\/ab45472b-9d2d-4b95-84ad-a460820889f4.jpeg 1180w\" sizes=\"(max-width: 600px) 100vw, 600px\" \/>Am 16. M\u00e4rz hatten wir das gro\u00dfe Konzert unseres Orchesterprojektes im Goethe Institut Accra. Daf\u00fcr hatten wir uns im Voraus an 2 Samstagen getroffen, um mit allen Sch\u00fclerInnen aus Nima, Teshie und Korle Gonno zu proben.<\/p>\n<p>Unser Programm war bunt gemischt: von Afrobeats bis zu klassischer Musik. Es war ein voller Erfolg und wir sind sehr stolz auf alle Sch\u00fclerInnen! \ud83d\udc9a<\/p>\n","protected":false},"excerpt":{"rendered":"<p>Am 16. M\u00e4rz hatten wir das gro\u00dfe Konzert unseres Orchesterprojektes im Goethe Institut Accra. Daf\u00fcr hatten wir uns im Voraus an 2 Samstagen getroffen, um mit allen Sch\u00fclerInnen aus Nima, Teshie und Korle Gonno zu proben. Unser Programm war bunt gemischt: von Afrobeats bis zu klassischer &hellip; <\/p>\n<p><a href=\"https:\/\/accra.musikerohnegrenzen.de\/gb\/konzert-mog-orchester-accra\/\" class=\"more-link\"><span class=\"morelink-icon\">Read more<\/span><\/a><\/p>\n","protected":false},"author":57,"featured_media":0,"comment_status":"open","ping_status":"open","sticky":false,"template":"","format":"standard","meta":{"footnotes":""},"categories":[2,1,3],"tags":[],"translation":{"provider":"WPGlobus","version":"2.12.2","language":"gb","enabled_languages":["de","gb"],"languages":{"de":{"title":true,"content":true,"excerpt":false},"gb":{"title":false,"content":false,"excerpt":false}}},"_links":{"self":[{"href":"https:\/\/accra.musikerohnegrenzen.de\/gb\/wp-json\/wp\/v2\/posts\/1986"}],"collection":[{"href":"https:\/\/accra.musikerohnegrenzen.de\/gb\/wp-json\/wp\/v2\/posts"}],"about":[{"href":"https:\/\/accra.musikerohnegrenzen.de\/gb\/wp-json\/wp\/v2\/types\/post"}],"author":[{"embeddable":true,"href":"https:\/\/accra.musikerohnegrenzen.de\/gb\/wp-json\/wp\/v2\/users\/57"}],"replies":[{"embeddable":true,"href":"https:\/\/accra.musikerohnegrenzen.de\/gb\/wp-json\/wp\/v2\/comments?post=1986"}],"version-history":[{"count":3,"href":"https:\/\/accra.musikerohnegrenzen.de\/gb\/wp-json\/wp\/v2\/posts\/1986\/revisions"}],"predecessor-version":[{"id":1992,"href":"https:\/\/accra.musikerohnegrenzen.de\/gb\/wp-json\/wp\/v2\/posts\/1986\/revisions\/1992"}],"wp:attachment":[{"href":"https:\/\/accra.musikerohnegrenzen.de\/gb\/wp-json\/wp\/v2\/media?parent=1986"}],"wp:term":[{"taxonomy":"category","embeddable":true,"href":"https:\/\/accra.musikerohnegrenzen.de\/gb\/wp-json\/wp\/v2\/categories?post=1986"},{"taxonomy":"post_tag","embeddable":true,"href":"https:\/\/accra.musikerohnegrenzen.de\/gb\/wp-json\/wp\/v2\/tags?post=1986"}],"curies":[{"name":"wp","href":"https:\/\/api.w.org\/{rel}","templated":true}]}}